{"id":13140,"date":"2026-09-03T13:34:38","date_gmt":"2026-09-03T11:34:38","guid":{"rendered":"https:\/\/fundacja-veritas.pl\/?p=13140"},"modified":"2026-09-03T13:55:28","modified_gmt":"2026-09-03T11:55:28","slug":"seniorzy-z-inicjatywa","status":"publish","type":"post","link":"https:\/\/fundacja-veritas.pl\/en\/news\/seniorzy-z-inicjatywa\/","title":{"rendered":"Seniors with Initiative"},"content":{"rendered":"<p><span style=\"font-weight: 400;\">We believe that experience, passions and skills do not come to an end when people retire.\u00a0<\/span><\/p>\n<p><span style=\"font-weight: 400;\">On the contrary, they can become the starting point for new connections, relationships and shared activities. That is why we have created a project that gives seniors space to pursue their own ideas and share them with others.<\/span><\/p>\n<p><strong><a href=\"https:\/\/fundacja-veritas.pl\/en\/projects\/seniorzy-z-inicjatywa\/\">Seniors with Initiative <\/a><\/strong><span style=\"font-weight: 400;\">is a programme of events created by seniors for seniors. We want to support older people in developing their passions, strengthening their sense of agency, building new relationships and contributing to their local community.<\/span><\/p>\n<p><span style=\"font-weight: 400;\">How does it work? Everything starts with an idea. A senior proposes an activity they would like to organise for others, and we help them prepare a plan, budget and schedule. We also provide a microgrant, organisational support, promotion and the assistance of a volunteer. The senior remains the host of their initiative and invites others to take part.<\/span><\/p>\n<p><span style=\"font-weight: 400;\">The project is aimed at residents of Wroc\u0142aw of retirement age who have an idea for a shared activity. <\/span><\/p>","protected":false},"excerpt":{"rendered":"<p>Wierzymy, \u017ce do\u015bwiadczenie, pasje i\u00a0umiej\u0119tno\u015bci nie ko\u0144cz\u0105 si\u0119 wraz z\u00a0przej\u015bciem na emerytur\u0119.\u00a0 Wr\u0119cz przeciwnie, to w\u0142a\u015bnie one mog\u0105 sta\u0107 si\u0119 pocz\u0105tkiem nowych spotka\u0144, relacji i\u00a0wsp\u00f3lnych dzia\u0142a\u0144. Dlatego stworzyli\u015bmy projekt, kt\u00f3ry daje seniorom przestrze\u0144 do realizowania w\u0142asnych pomys\u0142\u00f3w i\u00a0dzielenia si\u0119 nimi z\u00a0innymi. Seniorzy z\u00a0Inicjatyw\u0105 to program wydarze\u0144 tworzonych przez senior\u00f3w dla senior\u00f3w. Chcemy wspiera\u0107 osoby starsze [&hellip;]<\/p>","protected":false},"author":2,"featured_media":13141,"comment_status":"closed","ping_status":"open","sticky":false,"template":"","format":"standard","meta":{"inline_featured_image":false,"footnotes":""},"categories":[29],"tags":[],"class_list":["post-13140","post","type-post","status-publish","format-standard","has-post-thumbnail","hentry","category-seniorzy-z-inicjatywa"],"yoast_head":"<!-- This site is optimized with the Yoast SEO plugin v27.7 - https:\/\/yoast.com\/product\/yoast-seo-wordpress\/ -->\n<title>Seniorzy z Inicjatyw\u0105 - Fundacja Veritas<\/title>\n<meta name=\"robots\" content=\"index, follow, max-snippet:-1, max-image-preview:large, max-video-preview:-1\" \/>\n<link rel=\"canonical\" href=\"https:\/\/fundacja-veritas.pl\/en\/news\/seniorzy-z-inicjatywa\/\" \/>\n<meta property=\"og:locale\" content=\"en_GB\" \/>\n<meta property=\"og:type\" content=\"article\" \/>\n<meta property=\"og:title\" content=\"Seniorzy z Inicjatyw\u0105 - Fundacja Veritas\" \/>\n<meta property=\"og:description\" content=\"Wierzymy, \u017ce do\u015bwiadczenie, pasje i\u00a0umiej\u0119tno\u015bci nie ko\u0144cz\u0105 si\u0119 wraz z\u00a0przej\u015bciem na emerytur\u0119.\u00a0 Wr\u0119cz przeciwnie, to w\u0142a\u015bnie one mog\u0105 sta\u0107 si\u0119 pocz\u0105tkiem nowych spotka\u0144, relacji i\u00a0wsp\u00f3lnych dzia\u0142a\u0144. Dlatego stworzyli\u015bmy projekt, kt\u00f3ry daje seniorom przestrze\u0144 do realizowania w\u0142asnych pomys\u0142\u00f3w i\u00a0dzielenia si\u0119 nimi z\u00a0innymi. Seniorzy z\u00a0Inicjatyw\u0105 to program wydarze\u0144 tworzonych przez senior\u00f3w dla senior\u00f3w. Chcemy wspiera\u0107 osoby starsze [&hellip;]\" \/>\n<meta property=\"og:url\" content=\"https:\/\/fundacja-veritas.pl\/en\/news\/seniorzy-z-inicjatywa\/\" \/>\n<meta property=\"og:site_name\" content=\"Fundacja Veritas\" \/>\n<meta property=\"article:published_time\" content=\"2026-09-03T11:34:38+00:00\" \/>\n<meta property=\"article:modified_time\" content=\"2026-09-03T11:55:28+00:00\" \/>\n<meta property=\"og:image\" content=\"https:\/\/fundacja-veritas.pl\/wp-content\/uploads\/2026\/09\/03.09.2026.png\" \/>\n\t<meta property=\"og:image:width\" content=\"941\" \/>\n\t<meta property=\"og:image:height\" content=\"702\" \/>\n\t<meta property=\"og:image:type\" content=\"image\/png\" \/>\n<meta name=\"author\" content=\"Tomek\" \/>\n<meta name=\"twitter:card\" content=\"summary_large_image\" \/>\n<meta name=\"twitter:label1\" content=\"Written by\" \/>\n\t<meta name=\"twitter:data1\" content=\"Tomek\" \/>\n\t<meta name=\"twitter:label2\" content=\"Estimated reading time\" \/>\n\t<meta name=\"twitter:data2\" content=\"2 minutes\" \/>\n<script type=\"application\/ld+json\" class=\"yoast-schema-graph\">{\"@context\":\"https:\\\/\\\/schema.org\",\"@graph\":[{\"@type\":\"Article\",\"@id\":\"https:\\\/\\\/fundacja-veritas.pl\\\/aktualnosci\\\/seniorzy-z-inicjatywa\\\/#article\",\"isPartOf\":{\"@id\":\"https:\\\/\\\/fundacja-veritas.pl\\\/aktualnosci\\\/seniorzy-z-inicjatywa\\\/\"},\"author\":{\"name\":\"Tomek\",\"@id\":\"https:\\\/\\\/fundacja-veritas.pl\\\/#\\\/schema\\\/person\\\/9c86f3d7c0d4f07b032b3cdece82020c\"},\"headline\":\"Seniorzy z\u00a0Inicjatyw\u0105\",\"datePublished\":\"2026-09-03T11:34:38+00:00\",\"dateModified\":\"2026-09-03T11:55:28+00:00\",\"mainEntityOfPage\":{\"@id\":\"https:\\\/\\\/fundacja-veritas.pl\\\/aktualnosci\\\/seniorzy-z-inicjatywa\\\/\"},\"wordCount\":178,\"image\":{\"@id\":\"https:\\\/\\\/fundacja-veritas.pl\\\/aktualnosci\\\/seniorzy-z-inicjatywa\\\/#primaryimage\"},\"thumbnailUrl\":\"https:\\\/\\\/fundacja-veritas.pl\\\/wp-content\\\/uploads\\\/2026\\\/09\\\/03.09.2026.png\",\"articleSection\":[\"Seniorzy z Inicjatyw\u0105\"],\"inLanguage\":\"en-GB\"},{\"@type\":\"WebPage\",\"@id\":\"https:\\\/\\\/fundacja-veritas.pl\\\/aktualnosci\\\/seniorzy-z-inicjatywa\\\/\",\"url\":\"https:\\\/\\\/fundacja-veritas.pl\\\/aktualnosci\\\/seniorzy-z-inicjatywa\\\/\",\"name\":\"Seniorzy z Inicjatyw\u0105 - Fundacja Veritas\",\"isPartOf\":{\"@id\":\"https:\\\/\\\/fundacja-veritas.pl\\\/#website\"},\"primaryImageOfPage\":{\"@id\":\"https:\\\/\\\/fundacja-veritas.pl\\\/aktualnosci\\\/seniorzy-z-inicjatywa\\\/#primaryimage\"},\"image\":{\"@id\":\"https:\\\/\\\/fundacja-veritas.pl\\\/aktualnosci\\\/seniorzy-z-inicjatywa\\\/#primaryimage\"},\"thumbnailUrl\":\"https:\\\/\\\/fundacja-veritas.pl\\\/wp-content\\\/uploads\\\/2026\\\/09\\\/03.09.2026.png\",\"datePublished\":\"2026-09-03T11:34:38+00:00\",\"dateModified\":\"2026-09-03T11:55:28+00:00\",\"author\":{\"@id\":\"https:\\\/\\\/fundacja-veritas.pl\\\/#\\\/schema\\\/person\\\/9c86f3d7c0d4f07b032b3cdece82020c\"},\"breadcrumb\":{\"@id\":\"https:\\\/\\\/fundacja-veritas.pl\\\/aktualnosci\\\/seniorzy-z-inicjatywa\\\/#breadcrumb\"},\"inLanguage\":\"en-GB\",\"potentialAction\":[{\"@type\":\"ReadAction\",\"target\":[\"https:\\\/\\\/fundacja-veritas.pl\\\/aktualnosci\\\/seniorzy-z-inicjatywa\\\/\"]}]},{\"@type\":\"ImageObject\",\"inLanguage\":\"en-GB\",\"@id\":\"https:\\\/\\\/fundacja-veritas.pl\\\/aktualnosci\\\/seniorzy-z-inicjatywa\\\/#primaryimage\",\"url\":\"https:\\\/\\\/fundacja-veritas.pl\\\/wp-content\\\/uploads\\\/2026\\\/09\\\/03.09.2026.png\",\"contentUrl\":\"https:\\\/\\\/fundacja-veritas.pl\\\/wp-content\\\/uploads\\\/2026\\\/09\\\/03.09.2026.png\",\"width\":941,\"height\":702},{\"@type\":\"BreadcrumbList\",\"@id\":\"https:\\\/\\\/fundacja-veritas.pl\\\/aktualnosci\\\/seniorzy-z-inicjatywa\\\/#breadcrumb\",\"itemListElement\":[{\"@type\":\"ListItem\",\"position\":1,\"name\":\"Strona g\u0142\u00f3wna\",\"item\":\"https:\\\/\\\/fundacja-veritas.pl\\\/\"},{\"@type\":\"ListItem\",\"position\":2,\"name\":\"Seniorzy z Inicjatyw\u0105\"}]},{\"@type\":\"WebSite\",\"@id\":\"https:\\\/\\\/fundacja-veritas.pl\\\/#website\",\"url\":\"https:\\\/\\\/fundacja-veritas.pl\\\/\",\"name\":\"Fundacja Veritas\",\"description\":\"Fundacja Veritas\",\"potentialAction\":[{\"@type\":\"SearchAction\",\"target\":{\"@type\":\"EntryPoint\",\"urlTemplate\":\"https:\\\/\\\/fundacja-veritas.pl\\\/?s={search_term_string}\"},\"query-input\":{\"@type\":\"PropertyValueSpecification\",\"valueRequired\":true,\"valueName\":\"search_term_string\"}}],\"inLanguage\":\"en-GB\"},{\"@type\":\"Person\",\"@id\":\"https:\\\/\\\/fundacja-veritas.pl\\\/#\\\/schema\\\/person\\\/9c86f3d7c0d4f07b032b3cdece82020c\",\"name\":\"Tomek\",\"image\":{\"@type\":\"ImageObject\",\"inLanguage\":\"en-GB\",\"@id\":\"https:\\\/\\\/secure.gravatar.com\\\/avatar\\\/1b1fc53fe90ce8d99790b5b115456baf3102fc0b16c4610165016c8ece367e66?s=96&d=mm&r=g\",\"url\":\"https:\\\/\\\/secure.gravatar.com\\\/avatar\\\/1b1fc53fe90ce8d99790b5b115456baf3102fc0b16c4610165016c8ece367e66?s=96&d=mm&r=g\",\"contentUrl\":\"https:\\\/\\\/secure.gravatar.com\\\/avatar\\\/1b1fc53fe90ce8d99790b5b115456baf3102fc0b16c4610165016c8ece367e66?s=96&d=mm&r=g\",\"caption\":\"Tomek\"},\"url\":\"https:\\\/\\\/fundacja-veritas.pl\\\/en\\\/aktualnosci\\\/author\\\/tomek\\\/\"}]}<\/script>\n<!-- \/ Yoast SEO plugin. -->","yoast_head_json":{"title":"Seniorzy z Inicjatyw\u0105 - Fundacja Veritas","robots":{"index":"index","follow":"follow","max-snippet":"max-snippet:-1","max-image-preview":"max-image-preview:large","max-video-preview":"max-video-preview:-1"},"canonical":"https:\/\/fundacja-veritas.pl\/en\/news\/seniorzy-z-inicjatywa\/","og_locale":"en_GB","og_type":"article","og_title":"Seniorzy z Inicjatyw\u0105 - Fundacja Veritas","og_description":"Wierzymy, \u017ce do\u015bwiadczenie, pasje i\u00a0umiej\u0119tno\u015bci nie ko\u0144cz\u0105 si\u0119 wraz z\u00a0przej\u015bciem na emerytur\u0119.\u00a0 Wr\u0119cz przeciwnie, to w\u0142a\u015bnie one mog\u0105 sta\u0107 si\u0119 pocz\u0105tkiem nowych spotka\u0144, relacji i\u00a0wsp\u00f3lnych dzia\u0142a\u0144. Dlatego stworzyli\u015bmy projekt, kt\u00f3ry daje seniorom przestrze\u0144 do realizowania w\u0142asnych pomys\u0142\u00f3w i\u00a0dzielenia si\u0119 nimi z\u00a0innymi. Seniorzy z\u00a0Inicjatyw\u0105 to program wydarze\u0144 tworzonych przez senior\u00f3w dla senior\u00f3w. Chcemy wspiera\u0107 osoby starsze [&hellip;]","og_url":"https:\/\/fundacja-veritas.pl\/en\/news\/seniorzy-z-inicjatywa\/","og_site_name":"Fundacja Veritas","article_published_time":"2026-09-03T11:34:38+00:00","article_modified_time":"2026-09-03T11:55:28+00:00","og_image":[{"width":941,"height":702,"url":"https:\/\/fundacja-veritas.pl\/wp-content\/uploads\/2026\/09\/03.09.2026.png","type":"image\/png"}],"author":"Tomek","twitter_card":"summary_large_image","twitter_misc":{"Written by":"Tomek","Estimated reading time":"2 minutes"},"schema":{"@context":"https:\/\/schema.org","@graph":[{"@type":"Article","@id":"https:\/\/fundacja-veritas.pl\/aktualnosci\/seniorzy-z-inicjatywa\/#article","isPartOf":{"@id":"https:\/\/fundacja-veritas.pl\/aktualnosci\/seniorzy-z-inicjatywa\/"},"author":{"name":"Tomek","@id":"https:\/\/fundacja-veritas.pl\/#\/schema\/person\/9c86f3d7c0d4f07b032b3cdece82020c"},"headline":"Seniorzy z\u00a0Inicjatyw\u0105","datePublished":"2026-09-03T11:34:38+00:00","dateModified":"2026-09-03T11:55:28+00:00","mainEntityOfPage":{"@id":"https:\/\/fundacja-veritas.pl\/aktualnosci\/seniorzy-z-inicjatywa\/"},"wordCount":178,"image":{"@id":"https:\/\/fundacja-veritas.pl\/aktualnosci\/seniorzy-z-inicjatywa\/#primaryimage"},"thumbnailUrl":"https:\/\/fundacja-veritas.pl\/wp-content\/uploads\/2026\/09\/03.09.2026.png","articleSection":["Seniorzy z Inicjatyw\u0105"],"inLanguage":"en-GB"},{"@type":"WebPage","@id":"https:\/\/fundacja-veritas.pl\/aktualnosci\/seniorzy-z-inicjatywa\/","url":"https:\/\/fundacja-veritas.pl\/aktualnosci\/seniorzy-z-inicjatywa\/","name":"Seniorzy z Inicjatyw\u0105 - Fundacja Veritas","isPartOf":{"@id":"https:\/\/fundacja-veritas.pl\/#website"},"primaryImageOfPage":{"@id":"https:\/\/fundacja-veritas.pl\/aktualnosci\/seniorzy-z-inicjatywa\/#primaryimage"},"image":{"@id":"https:\/\/fundacja-veritas.pl\/aktualnosci\/seniorzy-z-inicjatywa\/#primaryimage"},"thumbnailUrl":"https:\/\/fundacja-veritas.pl\/wp-content\/uploads\/2026\/09\/03.09.2026.png","datePublished":"2026-09-03T11:34:38+00:00","dateModified":"2026-09-03T11:55:28+00:00","author":{"@id":"https:\/\/fundacja-veritas.pl\/#\/schema\/person\/9c86f3d7c0d4f07b032b3cdece82020c"},"breadcrumb":{"@id":"https:\/\/fundacja-veritas.pl\/aktualnosci\/seniorzy-z-inicjatywa\/#breadcrumb"},"inLanguage":"en-GB","potentialAction":[{"@type":"ReadAction","target":["https:\/\/fundacja-veritas.pl\/aktualnosci\/seniorzy-z-inicjatywa\/"]}]},{"@type":"ImageObject","inLanguage":"en-GB","@id":"https:\/\/fundacja-veritas.pl\/aktualnosci\/seniorzy-z-inicjatywa\/#primaryimage","url":"https:\/\/fundacja-veritas.pl\/wp-content\/uploads\/2026\/09\/03.09.2026.png","contentUrl":"https:\/\/fundacja-veritas.pl\/wp-content\/uploads\/2026\/09\/03.09.2026.png","width":941,"height":702},{"@type":"BreadcrumbList","@id":"https:\/\/fundacja-veritas.pl\/aktualnosci\/seniorzy-z-inicjatywa\/#breadcrumb","itemListElement":[{"@type":"ListItem","position":1,"name":"Strona g\u0142\u00f3wna","item":"https:\/\/fundacja-veritas.pl\/"},{"@type":"ListItem","position":2,"name":"Seniorzy z Inicjatyw\u0105"}]},{"@type":"WebSite","@id":"https:\/\/fundacja-veritas.pl\/#website","url":"https:\/\/fundacja-veritas.pl\/","name":"Veritas Foundation","description":"Veritas Foundation","potentialAction":[{"@type":"SearchAction","target":{"@type":"EntryPoint","urlTemplate":"https:\/\/fundacja-veritas.pl\/?s={search_term_string}"},"query-input":{"@type":"PropertyValueSpecification","valueRequired":true,"valueName":"search_term_string"}}],"inLanguage":"en-GB"},{"@type":"Person","@id":"https:\/\/fundacja-veritas.pl\/#\/schema\/person\/9c86f3d7c0d4f07b032b3cdece82020c","name":"Tomek","image":{"@type":"ImageObject","inLanguage":"en-GB","@id":"https:\/\/secure.gravatar.com\/avatar\/1b1fc53fe90ce8d99790b5b115456baf3102fc0b16c4610165016c8ece367e66?s=96&d=mm&r=g","url":"https:\/\/secure.gravatar.com\/avatar\/1b1fc53fe90ce8d99790b5b115456baf3102fc0b16c4610165016c8ece367e66?s=96&d=mm&r=g","contentUrl":"https:\/\/secure.gravatar.com\/avatar\/1b1fc53fe90ce8d99790b5b115456baf3102fc0b16c4610165016c8ece367e66?s=96&d=mm&r=g","caption":"Tomek"},"url":"https:\/\/fundacja-veritas.pl\/en\/aktualnosci\/author\/tomek\/"}]}},"_links":{"self":[{"href":"https:\/\/fundacja-veritas.pl\/en\/wp-json\/wp\/v2\/posts\/13140","targetHints":{"allow":["GET"]}}],"collection":[{"href":"https:\/\/fundacja-veritas.pl\/en\/wp-json\/wp\/v2\/posts"}],"about":[{"href":"https:\/\/fundacja-veritas.pl\/en\/wp-json\/wp\/v2\/types\/post"}],"author":[{"embeddable":true,"href":"https:\/\/fundacja-veritas.pl\/en\/wp-json\/wp\/v2\/users\/2"}],"replies":[{"embeddable":true,"href":"https:\/\/fundacja-veritas.pl\/en\/wp-json\/wp\/v2\/comments?post=13140"}],"version-history":[{"count":3,"href":"https:\/\/fundacja-veritas.pl\/en\/wp-json\/wp\/v2\/posts\/13140\/revisions"}],"predecessor-version":[{"id":13144,"href":"https:\/\/fundacja-veritas.pl\/en\/wp-json\/wp\/v2\/posts\/13140\/revisions\/13144"}],"wp:featuredmedia":[{"embeddable":true,"href":"https:\/\/fundacja-veritas.pl\/en\/wp-json\/wp\/v2\/media\/13141"}],"wp:attachment":[{"href":"https:\/\/fundacja-veritas.pl\/en\/wp-json\/wp\/v2\/media?parent=13140"}],"wp:term":[{"taxonomy":"category","embeddable":true,"href":"https:\/\/fundacja-veritas.pl\/en\/wp-json\/wp\/v2\/categories?post=13140"},{"taxonomy":"post_tag","embeddable":true,"href":"https:\/\/fundacja-veritas.pl\/en\/wp-json\/wp\/v2\/tags?post=13140"}],"curies":[{"name":"wp","href":"https:\/\/api.w.org\/{rel}","templated":true}]}}